{"id":1097,"date":"2018-05-03T21:26:11","date_gmt":"2018-05-03T18:26:11","guid":{"rendered":"http:\/\/markkuu.fi\/wordpress\/?p=1097"},"modified":"2019-02-04T13:42:34","modified_gmt":"2019-02-04T11:42:34","slug":"puutteet-markkuun-koulun-lakkautusesityksessa","status":"publish","type":"post","link":"https:\/\/markkuu.fi\/wordpress\/?p=1097","title":{"rendered":"PUUTTEET MARKKUUN KOULUN LAKKAUTUSESITYKSESS\u00c4"},"content":{"rendered":"<p><a href=\"http:\/\/markkuu.fi\/wordpress\/wp-content\/uploads\/2015\/11\/IMG_2127-e1448045305491.jpg\"><img loading=\"lazy\" decoding=\"async\" class=\"aligncenter size-large wp-image-222\" src=\"http:\/\/markkuu.fi\/wordpress\/wp-content\/uploads\/2015\/11\/IMG_2127-1024x683.jpg\" alt=\"\" width=\"474\" height=\"316\" \/><\/a><\/p>\n<p>Markkuun Seudun Kyl\u00e4yhdistys ry haluaa kiinnitt\u00e4\u00e4 Tyrn\u00e4v\u00e4n kunnanvaltuutettujen huomion Markkuun koulun lakkautusesityksess\u00e4 oleviin puutteisiin. Lakkautusta k\u00e4sitell\u00e4\u00e4n 7.5.2018 pidett\u00e4v\u00e4ss\u00e4 kunnanvaltuuston kokouksessa.<\/p>\n<p>Kyl\u00e4yhdistys painottaa, ett\u00e4 p\u00e4\u00e4t\u00f6ksenteossa on huomioitava Markkuun koulun lakkautuksen aiheuttamat paineet Kirkkom\u00e4nnik\u00f6n opetusryhmien m\u00e4\u00e4r\u00e4\u00e4n sek\u00e4 opetusresurssien riitt\u00e4vyyteen ja n\u00e4in ollen lakkautuksesta saatavien s\u00e4\u00e4st\u00f6jen ep\u00e4todenn\u00e4k\u00f6isyys.<\/p>\n<p>P\u00e4\u00e4t\u00f6ksenteossa on otettava huomioon my\u00f6s Kirkkom\u00e4nnik\u00f6n koulun sis\u00e4ilmaongelmat, niiden aiheuttamat terveysriskit lapsille sek\u00e4 se, ett\u00e4 7.5.2018 kunnanvaltuutetuilla ei ole tutkimustuloksiin perustuvaa tietoa sis\u00e4ilmaongelmien laajuudesta ja vakavuudesta eik\u00e4 niiden ratkaisemiseen tarvittavien toimenpiteiden laajuudesta ja aikataulusta. N\u00e4in ollen p\u00e4\u00e4t\u00f6ksentekohetkell\u00e4 ei ole my\u00f6sk\u00e4\u00e4n tietoa syksyll\u00e4 2018 Kirkkom\u00e4nnik\u00f6n koulussa k\u00e4ytett\u00e4viss\u00e4 olevien terveellisten ja turvallisten opetustilojen m\u00e4\u00e4r\u00e4st\u00e4.<\/p>\n<p>P\u00e4\u00e4t\u00f6ksenteossa on huomioitava my\u00f6s se, ett\u00e4 Markkuun koulun opetus on laadukasta ja ett\u00e4 koulussa toteutetaan uutta opetussuunnitelmaa (2016) erinomaisesti etenkin ymp\u00e4r\u00f6iv\u00e4n yhteis\u00f6n kanssa yhdess\u00e4 toteutettavien monialaisten oppimiskokonaisuuksien osalta. Markkuun koulun lakkauttaminen heikent\u00e4\u00e4 olennaisesti kyl\u00e4n lasten ja perheiden hyvinvointia.<\/p>\n<p>Markkuun Seudun Kyl\u00e4yhdistys ry esitt\u00e4\u00e4, ett\u00e4 Markkuun koulu saa jatkaa toimintaansa 1.-4. luokkien l\u00e4hikouluna. Koulun v\u00e4himm\u00e4isoppilasm\u00e4\u00e4r\u00e4 m\u00e4\u00e4ritell\u00e4\u00e4n kyl\u00e4yhdistyksen ja kunnan\u00a0 yhteisty\u00f6n\u00e4 ja t\u00e4h\u00e4n v\u00e4himm\u00e4isoppilasm\u00e4\u00e4r\u00e4\u00e4n sitoutuvat aidosti molemmat osapuolet, sek\u00e4 kunta ett\u00e4 kyl\u00e4yhdistys.<\/p>\n<p>Tutustu kyl\u00e4yhdistyksen esitykseen sek\u00e4 sen liitteisiin:<\/p>\n<p><a href=\"http:\/\/markkuu.fi\/wordpress\/wp-content\/uploads\/2018\/05\/Markkuun-Seudun-Kyl\u00e4yhdistyksen-esitys-kunnanvaltuustolle-26042018.pdf\" target=\"_blank\" rel=\"noopener\">Markkuun Seudun Kyl\u00e4yhdistyksen esitys kunnanvaltuustolle 26042018<\/a><\/p>\n<p><a href=\"http:\/\/markkuu.fi\/wordpress\/wp-content\/uploads\/2018\/05\/Liite1-Puutteet-Markkuun-koulun-lakkautusesityksen-perusteissa-26042018.pdf\" target=\"_blank\" rel=\"noopener\">Liite1 Puutteet Markkuun koulun lakkautusesityksen perusteissa 26042018<\/a><\/p>\n<p><a href=\"http:\/\/markkuu.fi\/wordpress\/wp-content\/uploads\/2018\/05\/Liite-2-Opetusryhmien-koko-ja-resurssit-kirkkom\u00e4nnik\u00f6n-koululla-2018.pdf\" target=\"_blank\" rel=\"noopener\">Liite 2 Opetusryhmien koko ja resurssit kirkkom\u00e4nnik\u00f6n koululla 2018<\/a><\/p>\n<p><a href=\"http:\/\/markkuu.fi\/wordpress\/wp-content\/uploads\/2018\/05\/Liite3-Eheytyyk\u00f6-lapsen-koulupolku-jos-Markkuun-koulu-lakkautetaan.pdf\" target=\"_blank\" rel=\"noopener\">Liite3 Eheytyyk\u00f6 lapsen koulupolku jos Markkuun koulu lakkautetaan<\/a><\/p>\n","protected":false},"excerpt":{"rendered":"<p>Markkuun Seudun Kyl\u00e4yhdistys ry haluaa kiinnitt\u00e4\u00e4 Tyrn\u00e4v\u00e4n kunnanvaltuutettujen huomion Markkuun koulun lakkautusesityksess\u00e4 oleviin puutteisiin. Lakkautusta k\u00e4sitell\u00e4\u00e4n 7.5.2018 pidett\u00e4v\u00e4ss\u00e4 kunnanvaltuuston kokouksessa. Kyl\u00e4yhdistys painottaa, ett\u00e4 p\u00e4\u00e4t\u00f6ksenteossa on huomioitava Markkuun koulun lakkautuksen aiheuttamat paineet Kirkkom\u00e4nnik\u00f6n opetusryhmien m\u00e4\u00e4r\u00e4\u00e4n sek\u00e4 opetusresurssien riitt\u00e4vyyteen ja n\u00e4in ollen lakkautuksesta saatavien s\u00e4\u00e4st\u00f6jen ep\u00e4todenn\u00e4k\u00f6isyys. P\u00e4\u00e4t\u00f6ksenteossa on otettava huomioon my\u00f6s Kirkkom\u00e4nnik\u00f6n koulun sis\u00e4ilmaongelmat, niiden aiheuttamat terveysriskit &hellip; <a href=\"https:\/\/markkuu.fi\/wordpress\/?p=1097\" class=\"more-link\">Jatka lukemista <span class=\"screen-reader-text\">PUUTTEET MARKKUUN KOULUN LAKKAUTUSESITYKSESS\u00c4<\/span> <span class=\"meta-nav\">&rarr;<\/span><\/a><\/p>\n","protected":false},"author":2,"featured_media":0,"comment_status":"closed","ping_status":"closed","sticky":false,"template":"","format":"standard","meta":{"footnotes":""},"categories":[4],"tags":[],"class_list":["post-1097","post","type-post","status-publish","format-standard","hentry","category-arkisto"],"_links":{"self":[{"href":"https:\/\/markkuu.fi\/wordpress\/index.php?rest_route=\/wp\/v2\/posts\/1097","targetHints":{"allow":["GET"]}}],"collection":[{"href":"https:\/\/markkuu.fi\/wordpress\/index.php?rest_route=\/wp\/v2\/posts"}],"about":[{"href":"https:\/\/markkuu.fi\/wordpress\/index.php?rest_route=\/wp\/v2\/types\/post"}],"author":[{"embeddable":true,"href":"https:\/\/markkuu.fi\/wordpress\/index.php?rest_route=\/wp\/v2\/users\/2"}],"replies":[{"embeddable":true,"href":"https:\/\/markkuu.fi\/wordpress\/index.php?rest_route=%2Fwp%2Fv2%2Fcomments&post=1097"}],"version-history":[{"count":3,"href":"https:\/\/markkuu.fi\/wordpress\/index.php?rest_route=\/wp\/v2\/posts\/1097\/revisions"}],"predecessor-version":[{"id":1104,"href":"https:\/\/markkuu.fi\/wordpress\/index.php?rest_route=\/wp\/v2\/posts\/1097\/revisions\/1104"}],"wp:attachment":[{"href":"https:\/\/markkuu.fi\/wordpress\/index.php?rest_route=%2Fwp%2Fv2%2Fmedia&parent=1097"}],"wp:term":[{"taxonomy":"category","embeddable":true,"href":"https:\/\/markkuu.fi\/wordpress\/index.php?rest_route=%2Fwp%2Fv2%2Fcategories&post=1097"},{"taxonomy":"post_tag","embeddable":true,"href":"https:\/\/markkuu.fi\/wordpress\/index.php?rest_route=%2Fwp%2Fv2%2Ftags&post=1097"}],"curies":[{"name":"wp","href":"https:\/\/api.w.org\/{rel}","templated":true}]}}