{"id":1468,"date":"2021-03-30T01:03:00","date_gmt":"2021-03-29T22:03:00","guid":{"rendered":"http:\/\/markkuu.fi\/wordpress\/?p=1468"},"modified":"2021-03-30T01:03:00","modified_gmt":"2021-03-29T22:03:00","slug":"mita-palveluita-sina-haluaisit-markkuulle-vaikuta-vastaamalla-kyselyyn","status":"publish","type":"post","link":"https:\/\/markkuu.fi\/wordpress\/?p=1468","title":{"rendered":"MIT\u00c4 PALVELUITA SIN\u00c4 HALUAISIT MARKKUULLE? Vaikuta vastaamalla kyselyyn"},"content":{"rendered":"\n<p>Markkuun kyl\u00e4n palveluiden s\u00e4ilytt\u00e4miseksi ja kehitt\u00e4miseksi on parhaillaan ty\u00f6n alla Markkuun Seudun Kyl\u00e4yhdistys ry:n ja Tyrn\u00e4v\u00e4n kunnan yhteisty\u00f6malli. Jotta yhteisty\u00f6mallista tulee l\u00e4hivuosien tarpeita aidosti palveleva k\u00e4yt\u00e4nn\u00f6n ty\u00f6kalu, tarvitsemme kattavasti tietoa siit\u00e4, millaisia palveluita sek\u00e4 kyl\u00e4n asukkaat ett\u00e4 Markkuulla vierailevat toivovat kyl\u00e4llemme kehitett\u00e4v\u00e4n. N\u00e4iden toiveiden kartoittamiseksi toteutamme kunnan ja kyl\u00e4yhdistyksen yhteisty\u00f6n\u00e4 <a rel=\"noreferrer noopener\" href=\"https:\/\/link.webropolsurveys.com\/S\/5AA99D142636CC12\" target=\"_blank\">s\u00e4hk\u00f6isen kyselyn<\/a> Markkuun palvelumahdollisuuksista.<\/p>\n\n\n\n<p>Nyt on siis juuri oikea aika vastata ja vaikuttaa! Vastaamalla kyselyyn juuri Sin\u00e4 olet vaikuttamassa siihen, millaisia asukkaiden hyvinvointia ja Tyrn\u00e4v\u00e4n vetovoimaisuutta lis\u00e4\u00e4vi\u00e4 palveluita l\u00e4hivuosina kehitet\u00e4\u00e4n. Kyselyn vastausaika p\u00e4\u00e4ttyy 16.4.2021.<\/p>\n\n\n\n<figure class=\"wp-block-image size-large\"><a href=\"http:\/\/markkuu.fi\/wordpress\/wp-content\/uploads\/2021\/03\/IMG_20201121_171554-scaled.jpg\"><img loading=\"lazy\" decoding=\"async\" width=\"1024\" height=\"768\" src=\"http:\/\/markkuu.fi\/wordpress\/wp-content\/uploads\/2021\/03\/IMG_20201121_171554-1024x768.jpg\" alt=\"\" class=\"wp-image-1475\" srcset=\"https:\/\/markkuu.fi\/wordpress\/wp-content\/uploads\/2021\/03\/IMG_20201121_171554-1024x768.jpg 1024w, https:\/\/markkuu.fi\/wordpress\/wp-content\/uploads\/2021\/03\/IMG_20201121_171554-300x225.jpg 300w, https:\/\/markkuu.fi\/wordpress\/wp-content\/uploads\/2021\/03\/IMG_20201121_171554-768x576.jpg 768w, https:\/\/markkuu.fi\/wordpress\/wp-content\/uploads\/2021\/03\/IMG_20201121_171554-1536x1152.jpg 1536w, https:\/\/markkuu.fi\/wordpress\/wp-content\/uploads\/2021\/03\/IMG_20201121_171554-2048x1536.jpg 2048w\" sizes=\"auto, (max-width: 1024px) 100vw, 1024px\" \/><\/a><\/figure>\n\n\n\n<h3 class=\"wp-block-heading\">Yhteisty\u00f6mallin taustalla yhteinen julkilausuma<\/h3>\n\n\n\n<p>Valtakunnallinen vuoden kyl\u00e4 2020, Markkuu, ja Tyrn\u00e4v\u00e4n kunta julkaisivat 9.12.2020 yhteisen <a rel=\"noreferrer noopener\" href=\"http:\/\/markkuu.fi\/wordpress\/wp-content\/uploads\/2021\/03\/julkilausuma_071220.pdf\" target=\"_blank\">julkilausuman<\/a> kylien elinvoimaisuudesta. Julkilausuma annettiin Suomen Kyl\u00e4t ry:n j\u00e4rjest\u00e4m\u00e4ss\u00e4 Vuoden kyl\u00e4 2020 palkintogaalassa.  Yhteisty\u00f6mallia sovelletaan jatkossa my\u00f6s muilla Tyrn\u00e4v\u00e4n kylill\u00e4.<\/p>\n\n\n\n<p><\/p>\n","protected":false},"excerpt":{"rendered":"<p>Markkuun kyl\u00e4n palveluiden s\u00e4ilytt\u00e4miseksi ja kehitt\u00e4miseksi on parhaillaan ty\u00f6n alla Markkuun Seudun Kyl\u00e4yhdistys ry:n ja Tyrn\u00e4v\u00e4n kunnan yhteisty\u00f6malli. Jotta yhteisty\u00f6mallista tulee l\u00e4hivuosien tarpeita aidosti palveleva k\u00e4yt\u00e4nn\u00f6n ty\u00f6kalu, tarvitsemme kattavasti tietoa siit\u00e4, millaisia palveluita sek\u00e4 kyl\u00e4n asukkaat ett\u00e4 Markkuulla vierailevat toivovat kyl\u00e4llemme kehitett\u00e4v\u00e4n. N\u00e4iden toiveiden kartoittamiseksi toteutamme kunnan ja kyl\u00e4yhdistyksen yhteisty\u00f6n\u00e4 s\u00e4hk\u00f6isen kyselyn Markkuun palvelumahdollisuuksista. Nyt &hellip; <a href=\"https:\/\/markkuu.fi\/wordpress\/?p=1468\" class=\"more-link\">Jatka lukemista <span class=\"screen-reader-text\">MIT\u00c4 PALVELUITA SIN\u00c4 HALUAISIT MARKKUULLE? Vaikuta vastaamalla kyselyyn<\/span> <span class=\"meta-nav\">&rarr;<\/span><\/a><\/p>\n","protected":false},"author":2,"featured_media":0,"comment_status":"closed","ping_status":"closed","sticky":false,"template":"","format":"standard","meta":{"footnotes":""},"categories":[3],"tags":[96,80,95],"class_list":["post-1468","post","type-post","status-publish","format-standard","hentry","category-uutiset","tag-kylapalvelut","tag-kylatoiminta","tag-palvelutarpeet"],"_links":{"self":[{"href":"https:\/\/markkuu.fi\/wordpress\/index.php?rest_route=\/wp\/v2\/posts\/1468","targetHints":{"allow":["GET"]}}],"collection":[{"href":"https:\/\/markkuu.fi\/wordpress\/index.php?rest_route=\/wp\/v2\/posts"}],"about":[{"href":"https:\/\/markkuu.fi\/wordpress\/index.php?rest_route=\/wp\/v2\/types\/post"}],"author":[{"embeddable":true,"href":"https:\/\/markkuu.fi\/wordpress\/index.php?rest_route=\/wp\/v2\/users\/2"}],"replies":[{"embeddable":true,"href":"https:\/\/markkuu.fi\/wordpress\/index.php?rest_route=%2Fwp%2Fv2%2Fcomments&post=1468"}],"version-history":[{"count":6,"href":"https:\/\/markkuu.fi\/wordpress\/index.php?rest_route=\/wp\/v2\/posts\/1468\/revisions"}],"predecessor-version":[{"id":1476,"href":"https:\/\/markkuu.fi\/wordpress\/index.php?rest_route=\/wp\/v2\/posts\/1468\/revisions\/1476"}],"wp:attachment":[{"href":"https:\/\/markkuu.fi\/wordpress\/index.php?rest_route=%2Fwp%2Fv2%2Fmedia&parent=1468"}],"wp:term":[{"taxonomy":"category","embeddable":true,"href":"https:\/\/markkuu.fi\/wordpress\/index.php?rest_route=%2Fwp%2Fv2%2Fcategories&post=1468"},{"taxonomy":"post_tag","embeddable":true,"href":"https:\/\/markkuu.fi\/wordpress\/index.php?rest_route=%2Fwp%2Fv2%2Ftags&post=1468"}],"curies":[{"name":"wp","href":"https:\/\/api.w.org\/{rel}","templated":true}]}}