{"id":1628,"date":"2023-10-01T14:57:10","date_gmt":"2023-10-01T11:57:10","guid":{"rendered":"https:\/\/markkuu.fi\/wordpress\/?p=1628"},"modified":"2023-10-04T22:11:49","modified_gmt":"2023-10-04T19:11:49","slug":"upea-elainpotretit-luontopolulla-nayttely-markkuun-luontopolulla","status":"publish","type":"post","link":"https:\/\/markkuu.fi\/wordpress\/?p=1628","title":{"rendered":"UPEA EL\u00c4INPOTRETIT LUONTOPOLULLA -N\u00c4YTTELY MARKKUUN LUONTOPOLULLA"},"content":{"rendered":"\n<p>El\u00e4inpotretit luontopolulla -valokuvan\u00e4yttely on saapunut Markkuun luontopolulle! L\u00f6yd\u00e4t reitin varrelta kolmekymment\u00e4 kiehtovaa el\u00e4inaiheista taulua Pohjois-Suomen el\u00e4imist\u00e4. N\u00e4yttelyn on toteuttanut <a rel=\"noreferrer noopener\" href=\"https:\/\/polku.net\/\" target=\"_blank\">Pohjoisen Luontokuvaajat ry, POLKU<\/a> ja se koostuu 37:st\u00e4 Suomen luonnossa esiintyv\u00e4st\u00e4 el\u00e4in- tai hy\u00f6nteislajista. Kuvia on yhteens\u00e4 25:lta Pohjoisen luontokuvaajat ry:n j\u00e4senelt\u00e4. N\u00e4yttelyluettelon l\u00f6yd\u00e4t <a rel=\"noreferrer noopener\" href=\"https:\/\/polku.net\/toiminta\/elainpotretit-luontopolulla-nayttelyn-avajaiset\" target=\"_blank\">t\u00e4\u00e4lt\u00e4<\/a>.<\/p>\n\n\n\n<p>Markkuun luontopolun vaihteleva luonto tarjoaa elinymp\u00e4rist\u00f6j\u00e4 lukuisalle joukolle el\u00e4imi\u00e4 niittyjen perhosista mets\u00e4n h\u00e4myss\u00e4 tassuttelevaan ilvekseen. Monet alueen el\u00e4inlajeista esiintyv\u00e4t n\u00e4yttelyn valokuvissa. My\u00f6s reitin maskotti peukaloinen on saanut oman taulunsa<\/p>\n\n\n\n<p>N\u00e4yttelyn avajaisia vietet\u00e4\u00e4n sunnuntaina 8.10.2023 klo 13\u201315 Luonto- ja hyvinvointitalo Peukaloisessa. Siivin ja k\u00e4p\u00e4lin &#8211; el\u00e4m\u00e4\u00e4 Suomen luonnossa -multivisio el\u00e4v\u00f6itt\u00e4\u00e4 tapahtumaa. Tule retkeilem\u00e4\u00e4n yksin tai yhdess\u00e4 yst\u00e4vien tai perheen kanssa ja nauttimaan samalla hieman erilaisesta valokuvan\u00e4yttelyst\u00e4 luonnon helmassa!<\/p>\n\n\n\n<figure class=\"wp-block-image size-large\"><a href=\"https:\/\/markkuu.fi\/wordpress\/wp-content\/uploads\/2023\/10\/Avajaiset-Markkuu-END-1080x1080-1.jpg\"><img loading=\"lazy\" decoding=\"async\" width=\"1024\" height=\"1024\" src=\"https:\/\/markkuu.fi\/wordpress\/wp-content\/uploads\/2023\/10\/Avajaiset-Markkuu-END-1080x1080-1-1024x1024.jpg\" alt=\"\" class=\"wp-image-1629\" srcset=\"https:\/\/markkuu.fi\/wordpress\/wp-content\/uploads\/2023\/10\/Avajaiset-Markkuu-END-1080x1080-1-1024x1024.jpg 1024w, https:\/\/markkuu.fi\/wordpress\/wp-content\/uploads\/2023\/10\/Avajaiset-Markkuu-END-1080x1080-1-300x300.jpg 300w, https:\/\/markkuu.fi\/wordpress\/wp-content\/uploads\/2023\/10\/Avajaiset-Markkuu-END-1080x1080-1-150x150.jpg 150w, https:\/\/markkuu.fi\/wordpress\/wp-content\/uploads\/2023\/10\/Avajaiset-Markkuu-END-1080x1080-1-768x768.jpg 768w, https:\/\/markkuu.fi\/wordpress\/wp-content\/uploads\/2023\/10\/Avajaiset-Markkuu-END-1080x1080-1.jpg 1080w\" sizes=\"auto, (max-width: 1024px) 100vw, 1024px\" \/><\/a><\/figure>\n\n\n\n<p><strong>Siivin ja k\u00e4p\u00e4lin -El\u00e4m\u00e4\u00e4 Suomen luonnossa -multivisio<\/strong><\/p>\n\n\n\n<p>Avajaisissa esitett\u00e4v\u00e4 multivisio on varasl\u00e4ht\u00f6 Pohjoisen Luontokuvaajien eli Polun juhlavuoteen 2024. Oulussa vuonna 1994 perustettu yhdistys t\u00e4ytt\u00e4\u00e4 ensi vuonna 30 vuotta.<\/p>\n\n\n\n<p>Polku on virke\u00e4 yli 160 luontokuvaajan yhdistys. Yhdistyksen tavoitteena on lis\u00e4t\u00e4 ihmisten tietoisuutta arvokkaasta pohjoisesta luonnosta, yhdist\u00e4\u00e4 harrastajia, sek\u00e4 kouluttaa ja opastaa kehittym\u00e4\u00e4n valokuvausharrastuksessa.<\/p>\n\n\n\n<p>Luonnossa liikkuvien j\u00e4senten kiinnostuksen kohteina ovat usein tarkka-aistiset, varovasti l\u00e4hestytt\u00e4v\u00e4t kohteet. N\u00e4m\u00e4 luonnonvaraiset el\u00e4imemme ovat p\u00e4\u00e4roolissa Siivin ja k\u00e4p\u00e4lin -multivisiossa.<\/p>\n\n\n\n<p>Esityst\u00e4 vie eteenp\u00e4in kehyskertomus. Tarinan lomassa viiv\u00e4hdet\u00e4\u00e4n useaan otteeseen el\u00e4inten elinymp\u00e4rist\u00f6iss\u00e4 ja herkistyt\u00e4\u00e4n havumets\u00e4isen maamme luonnon rikkauksien \u00e4\u00e4rell\u00e4. Toisaalta esityksess\u00e4 kannetaan huolta lajistossamme tapahtuvista muutoksista. Musiikki rytmitt\u00e4\u00e4 kerrontaa.&nbsp;Esityksen pituus on noin 20 minuuttia. Esitysajat: klo 13.30, 14.00 ja 14.30. <\/p>\n\n\n\n<p>Kyl\u00e4yhdistyksen kahvio on avoinna avajaistapahtuman ajan joten muista varata pikkurahaa mukaan. Tervetuloa!<\/p>\n","protected":false},"excerpt":{"rendered":"<p>El\u00e4inpotretit luontopolulla -valokuvan\u00e4yttely on saapunut Markkuun luontopolulle! L\u00f6yd\u00e4t reitin varrelta kolmekymment\u00e4 kiehtovaa el\u00e4inaiheista taulua Pohjois-Suomen el\u00e4imist\u00e4. N\u00e4yttelyn on toteuttanut Pohjoisen Luontokuvaajat ry, POLKU ja se koostuu 37:st\u00e4 Suomen luonnossa esiintyv\u00e4st\u00e4 el\u00e4in- tai hy\u00f6nteislajista. Kuvia on yhteens\u00e4 25:lta Pohjoisen luontokuvaajat ry:n j\u00e4senelt\u00e4. N\u00e4yttelyluettelon l\u00f6yd\u00e4t t\u00e4\u00e4lt\u00e4. Markkuun luontopolun vaihteleva luonto tarjoaa elinymp\u00e4rist\u00f6j\u00e4 lukuisalle joukolle el\u00e4imi\u00e4 niittyjen perhosista &hellip; <a href=\"https:\/\/markkuu.fi\/wordpress\/?p=1628\" class=\"more-link\">Jatka lukemista <span class=\"screen-reader-text\">UPEA EL\u00c4INPOTRETIT LUONTOPOLULLA -N\u00c4YTTELY MARKKUUN LUONTOPOLULLA<\/span> <span class=\"meta-nav\">&rarr;<\/span><\/a><\/p>\n","protected":false},"author":2,"featured_media":0,"comment_status":"closed","ping_status":"closed","sticky":false,"template":"","format":"standard","meta":{"footnotes":""},"categories":[3],"tags":[80,20,13,19,83],"class_list":["post-1628","post","type-post","status-publish","format-standard","hentry","category-uutiset","tag-kylatoiminta","tag-luontopolku","tag-markkuu","tag-tyrnava","tag-valokuvanayttely"],"_links":{"self":[{"href":"https:\/\/markkuu.fi\/wordpress\/index.php?rest_route=\/wp\/v2\/posts\/1628","targetHints":{"allow":["GET"]}}],"collection":[{"href":"https:\/\/markkuu.fi\/wordpress\/index.php?rest_route=\/wp\/v2\/posts"}],"about":[{"href":"https:\/\/markkuu.fi\/wordpress\/index.php?rest_route=\/wp\/v2\/types\/post"}],"author":[{"embeddable":true,"href":"https:\/\/markkuu.fi\/wordpress\/index.php?rest_route=\/wp\/v2\/users\/2"}],"replies":[{"embeddable":true,"href":"https:\/\/markkuu.fi\/wordpress\/index.php?rest_route=%2Fwp%2Fv2%2Fcomments&post=1628"}],"version-history":[{"count":4,"href":"https:\/\/markkuu.fi\/wordpress\/index.php?rest_route=\/wp\/v2\/posts\/1628\/revisions"}],"predecessor-version":[{"id":1641,"href":"https:\/\/markkuu.fi\/wordpress\/index.php?rest_route=\/wp\/v2\/posts\/1628\/revisions\/1641"}],"wp:attachment":[{"href":"https:\/\/markkuu.fi\/wordpress\/index.php?rest_route=%2Fwp%2Fv2%2Fmedia&parent=1628"}],"wp:term":[{"taxonomy":"category","embeddable":true,"href":"https:\/\/markkuu.fi\/wordpress\/index.php?rest_route=%2Fwp%2Fv2%2Fcategories&post=1628"},{"taxonomy":"post_tag","embeddable":true,"href":"https:\/\/markkuu.fi\/wordpress\/index.php?rest_route=%2Fwp%2Fv2%2Ftags&post=1628"}],"curies":[{"name":"wp","href":"https:\/\/api.w.org\/{rel}","templated":true}]}}