{"id":1643,"date":"2024-01-12T20:14:58","date_gmt":"2024-01-12T18:14:58","guid":{"rendered":"https:\/\/markkuu.fi\/wordpress\/?p=1643"},"modified":"2024-01-12T20:14:58","modified_gmt":"2024-01-12T18:14:58","slug":"peukaloisen-luontoilta-elaintarinoita-ja-luontokuvia","status":"publish","type":"post","link":"https:\/\/markkuu.fi\/wordpress\/?p=1643","title":{"rendered":"Peukaloisen luontoilta \u2013 el\u00e4intarinoita ja luontokuvia"},"content":{"rendered":"\n<figure class=\"wp-block-image size-large\"><a href=\"https:\/\/markkuu.fi\/wordpress\/wp-content\/uploads\/2024\/01\/Ilves-some_Matti_Alasaarela-scaled.jpg\"><img loading=\"lazy\" decoding=\"async\" width=\"1024\" height=\"771\" src=\"https:\/\/markkuu.fi\/wordpress\/wp-content\/uploads\/2024\/01\/Ilves-some_Matti_Alasaarela-1024x771.jpg\" alt=\"\" class=\"wp-image-1644\" srcset=\"https:\/\/markkuu.fi\/wordpress\/wp-content\/uploads\/2024\/01\/Ilves-some_Matti_Alasaarela-1024x771.jpg 1024w, https:\/\/markkuu.fi\/wordpress\/wp-content\/uploads\/2024\/01\/Ilves-some_Matti_Alasaarela-300x226.jpg 300w, https:\/\/markkuu.fi\/wordpress\/wp-content\/uploads\/2024\/01\/Ilves-some_Matti_Alasaarela-768x578.jpg 768w, https:\/\/markkuu.fi\/wordpress\/wp-content\/uploads\/2024\/01\/Ilves-some_Matti_Alasaarela-1536x1156.jpg 1536w, https:\/\/markkuu.fi\/wordpress\/wp-content\/uploads\/2024\/01\/Ilves-some_Matti_Alasaarela-2048x1542.jpg 2048w\" sizes=\"auto, (max-width: 1024px) 100vw, 1024px\" \/><\/a><figcaption class=\"wp-element-caption\">Ilves. Kuva: Matti Alasaarela.<\/figcaption><\/figure>\n\n\n\n<p>El\u00e4imet h\u00e4mm\u00e4stytt\u00e4v\u00e4t kyvyill\u00e4\u00e4n ja ihastuttavat olemuksellaan. Luontokuvat ja -tarinat tarjoavat el\u00e4myksi\u00e4 ja auttavat rakentamaan luontoyhteytt\u00e4. Peukaloisen luontoillassa tarjoilemme Sinulle tietoa ja tarinoita luonnosta upeiden kuvien kera, tule mukaan!<\/p>\n\n\n\n<p><strong>Korkeammalle, nopeammin, kauemmas<\/strong> &#8211; Miten energiaa riitt\u00e4\u00e4 8 vuorokauden yht\u00e4mittaiseen lentoon, miten saada happea lent\u00e4miseen kilometrien korkeudessa, tai miten s\u00e4ily\u00e4 hengiss\u00e4 40 asteen pakkasessa? El\u00e4infysiologian emeritusprofessori Esa Hohtola valottaa el\u00e4inten ihmeellisi\u00e4 kykyj\u00e4 selviyty\u00e4 ankarissakin olosuhteissa.<\/p>\n\n\n\n<p><strong>El\u00e4intarinoita m\u00f6kilt\u00e4<\/strong> \u2013 Tyrn\u00e4v\u00e4n \u00c4ngeslev\u00e4njoen varren m\u00f6kill\u00e4\u00e4n arkkitehti ja luontokuvaaja Matti Alasaarela on kuvannut pihapiirin el\u00e4invieraita ja -asukkaita jo yli kymmenen vuoden ajan. J\u00e4nnitt\u00e4vimpi\u00e4 ja haasteellisimpia kohteita ovat olleet pihapiiriss\u00e4 s\u00e4\u00e4nn\u00f6llisesti vierailevat ilvekset.\u00a0<\/p>\n\n\n\n<p><strong>Valoa kohti<\/strong> &#8211; Luontokuvat ja -tarinat auttavat samaistumaan luonnon kanssa sek\u00e4 tuottavat hyv\u00e4\u00e4 mielt\u00e4, iloa ja empatiaa. Luonto menee tunteisiin, kun sille avautuu ja antautuu, toteaa biologi ja emeritusprofessori Erkki Alasaarela. Ihminen ei ole tunteineen ainutlaatuinen \u2013 my\u00f6s el\u00e4imill\u00e4 on tunteet. Ymm\u00e4rr\u00e4mme toisiamme ja kurkotamme yhdess\u00e4 kohti valoa.<\/p>\n\n\n\n<p>Tervetuloa kuulemaan alan asiantuntijoita ja nauttimaan upeista luontokuvista!<\/p>\n\n\n\n<p>Paikka: Luonto- ja hyvinvointitalo Peukaloinen, \u00c4ngeslev\u00e4n Ylip\u00e4\u00e4ntie 6, Tyrn\u00e4v\u00e4.<\/p>\n\n\n\n<p>Aika: su 28.1.2024 klo 16-19<\/p>\n\n\n\n<p>Tapahtumaan on vapaa p\u00e4\u00e4sy. Kyl\u00e4yhdistyksen kahvio palvelee v\u00e4liajalla \u2013 varaa k\u00e4teist\u00e4 mukaan.<\/p>\n","protected":false},"excerpt":{"rendered":"<p>El\u00e4imet h\u00e4mm\u00e4stytt\u00e4v\u00e4t kyvyill\u00e4\u00e4n ja ihastuttavat olemuksellaan. Luontokuvat ja -tarinat tarjoavat el\u00e4myksi\u00e4 ja auttavat rakentamaan luontoyhteytt\u00e4. Peukaloisen luontoillassa tarjoilemme Sinulle tietoa ja tarinoita luonnosta upeiden kuvien kera, tule mukaan! Korkeammalle, nopeammin, kauemmas &#8211; Miten energiaa riitt\u00e4\u00e4 8 vuorokauden yht\u00e4mittaiseen lentoon, miten saada happea lent\u00e4miseen kilometrien korkeudessa, tai miten s\u00e4ily\u00e4 hengiss\u00e4 40 asteen pakkasessa? El\u00e4infysiologian emeritusprofessori Esa &hellip; <a href=\"https:\/\/markkuu.fi\/wordpress\/?p=1643\" class=\"more-link\">Jatka lukemista <span class=\"screen-reader-text\">Peukaloisen luontoilta \u2013 el\u00e4intarinoita ja luontokuvia<\/span> <span class=\"meta-nav\">&rarr;<\/span><\/a><\/p>\n","protected":false},"author":2,"featured_media":0,"comment_status":"closed","ping_status":"closed","sticky":false,"template":"","format":"standard","meta":{"footnotes":""},"categories":[3],"tags":[80,40,13],"class_list":["post-1643","post","type-post","status-publish","format-standard","hentry","category-uutiset","tag-kylatoiminta","tag-luontokuvaus","tag-markkuu"],"_links":{"self":[{"href":"https:\/\/markkuu.fi\/wordpress\/index.php?rest_route=\/wp\/v2\/posts\/1643","targetHints":{"allow":["GET"]}}],"collection":[{"href":"https:\/\/markkuu.fi\/wordpress\/index.php?rest_route=\/wp\/v2\/posts"}],"about":[{"href":"https:\/\/markkuu.fi\/wordpress\/index.php?rest_route=\/wp\/v2\/types\/post"}],"author":[{"embeddable":true,"href":"https:\/\/markkuu.fi\/wordpress\/index.php?rest_route=\/wp\/v2\/users\/2"}],"replies":[{"embeddable":true,"href":"https:\/\/markkuu.fi\/wordpress\/index.php?rest_route=%2Fwp%2Fv2%2Fcomments&post=1643"}],"version-history":[{"count":3,"href":"https:\/\/markkuu.fi\/wordpress\/index.php?rest_route=\/wp\/v2\/posts\/1643\/revisions"}],"predecessor-version":[{"id":1647,"href":"https:\/\/markkuu.fi\/wordpress\/index.php?rest_route=\/wp\/v2\/posts\/1643\/revisions\/1647"}],"wp:attachment":[{"href":"https:\/\/markkuu.fi\/wordpress\/index.php?rest_route=%2Fwp%2Fv2%2Fmedia&parent=1643"}],"wp:term":[{"taxonomy":"category","embeddable":true,"href":"https:\/\/markkuu.fi\/wordpress\/index.php?rest_route=%2Fwp%2Fv2%2Fcategories&post=1643"},{"taxonomy":"post_tag","embeddable":true,"href":"https:\/\/markkuu.fi\/wordpress\/index.php?rest_route=%2Fwp%2Fv2%2Ftags&post=1643"}],"curies":[{"name":"wp","href":"https:\/\/api.w.org\/{rel}","templated":true}]}}