{"id":1656,"date":"2024-06-02T23:55:50","date_gmt":"2024-06-02T20:55:50","guid":{"rendered":"https:\/\/markkuu.fi\/wordpress\/?p=1656"},"modified":"2024-06-03T00:06:27","modified_gmt":"2024-06-02T21:06:27","slug":"kesan-2024-kultuurikekkerit-kuljettavat-markkuulta-buenos-airesiin","status":"publish","type":"post","link":"https:\/\/markkuu.fi\/wordpress\/?p=1656","title":{"rendered":"KES\u00c4N 2024 KULTTUURIKEKKERIT KULJETTAVAT MARKKUULTA BUENOS AIRESIIN"},"content":{"rendered":"\n<p>Jos Markkuun Kulttuurikekkerit ovat sinulle viel\u00e4 tuntematon tapahtuma, juuri nyt on oikea aika tulla paikalle nauttimaan upeasta taiteen ja musiikin yhdistelm\u00e4st\u00e4 ainutlaatuisessa, kulttuurihistoriallisesti arvokkaassa pihapiiriss\u00e4. <\/p>\n\n\n\n<p>Kaikille avoin ja maksuton, matalan kynnyksen kulttuuritapahtuma j\u00e4rjestet\u00e4\u00e4n lauantaina 15.6.2024 klo 17 alkaen Galleria Conradissa (Muhostie 88, Tyrn\u00e4v\u00e4). Tapahtuman aluksi avataan Gallerian Viiden t\u00e4hden kes\u00e4n\u00e4yttely, joka koostuu kuvataiteilija<a href=\"http:\/\/lissulundstrom.com\/\" target=\"_blank\" rel=\"noreferrer noopener\"> Lissu Lundstr\u00f6min<\/a>, kuvanveist\u00e4jien <a href=\"https:\/\/rikutuuha.fi\/\" target=\"_blank\" rel=\"noreferrer noopener\">Riku Tuuhan<\/a> ja Peter Sederholmin sek\u00e4 kuvataiteilija <a href=\"http:\/\/www.joukokorkala.com\/\" target=\"_blank\" rel=\"noreferrer noopener\">Jouko Korkalan<\/a> teoksista. Soile Suvannon valokuvat ovat esill\u00e4 5.7. alkaen. <\/p>\n\n\n\n<figure class=\"wp-block-image size-full\"><a href=\"https:\/\/markkuu.fi\/wordpress\/wp-content\/uploads\/2024\/06\/IMG-20240509-WA0003.jpg\"><img loading=\"lazy\" decoding=\"async\" width=\"965\" height=\"491\" src=\"https:\/\/markkuu.fi\/wordpress\/wp-content\/uploads\/2024\/06\/IMG-20240509-WA0003.jpg\" alt=\"\" class=\"wp-image-1660\" srcset=\"https:\/\/markkuu.fi\/wordpress\/wp-content\/uploads\/2024\/06\/IMG-20240509-WA0003.jpg 965w, https:\/\/markkuu.fi\/wordpress\/wp-content\/uploads\/2024\/06\/IMG-20240509-WA0003-300x153.jpg 300w, https:\/\/markkuu.fi\/wordpress\/wp-content\/uploads\/2024\/06\/IMG-20240509-WA0003-768x391.jpg 768w\" sizes=\"auto, (max-width: 965px) 100vw, 965px\" \/><\/a><figcaption class=\"wp-element-caption\">Teos Lissu Lundstr\u00f6m.<\/figcaption><\/figure>\n\n\n\n<p>Musiikkiosuudessa Hetken Duo kuljettaa meid\u00e4t Markkuun maisemissa ensin uudempien ja muutaman perinteisemm\u00e4nkin kansanlaulun siivitt\u00e4m\u00e4n\u00e4 muun muassa Manuel de Fallan espanjalaisiin rytmeihin ja p\u00e4\u00e4semme nauttimaan my\u00f6s Buenos Airesin kuumasta tunnelmasta. <\/p>\n\n\n\n<figure class=\"wp-block-image size-full\"><a href=\"https:\/\/markkuu.fi\/wordpress\/wp-content\/uploads\/2024\/06\/duoniinajaakko021.jpg\"><img loading=\"lazy\" decoding=\"async\" width=\"427\" height=\"640\" src=\"https:\/\/markkuu.fi\/wordpress\/wp-content\/uploads\/2024\/06\/duoniinajaakko021.jpg\" alt=\"\" class=\"wp-image-1658\" srcset=\"https:\/\/markkuu.fi\/wordpress\/wp-content\/uploads\/2024\/06\/duoniinajaakko021.jpg 427w, https:\/\/markkuu.fi\/wordpress\/wp-content\/uploads\/2024\/06\/duoniinajaakko021-200x300.jpg 200w\" sizes=\"auto, (max-width: 427px) 100vw, 427px\" \/><\/a><figcaption class=\"wp-element-caption\">Hetken Duo. Kuva: Luova Lintu.<\/figcaption><\/figure>\n\n\n\n<p>Tapahtumaan voit osallistua my\u00f6s koko perheen voimin, sill\u00e4 lapsille on luvassa oma puuhapiste. Kyl\u00e4yhdistyksen kahviosta voit ostaa herkkuja pikkurahalla (Huom! K\u00e4teismaksu). Bar Consulissa anniskeluoikeudet.<\/p>\n\n\n\n<p>Tervetuloa nauttimaan kulttuurista matalalla kynnyksell\u00e4 &#8211; ilman pukukoodia!<\/p>\n","protected":false},"excerpt":{"rendered":"<p>Jos Markkuun Kulttuurikekkerit ovat sinulle viel\u00e4 tuntematon tapahtuma, juuri nyt on oikea aika tulla paikalle nauttimaan upeasta taiteen ja musiikin yhdistelm\u00e4st\u00e4 ainutlaatuisessa, kulttuurihistoriallisesti arvokkaassa pihapiiriss\u00e4. Kaikille avoin ja maksuton, matalan kynnyksen kulttuuritapahtuma j\u00e4rjestet\u00e4\u00e4n lauantaina 15.6.2024 klo 17 alkaen Galleria Conradissa (Muhostie 88, Tyrn\u00e4v\u00e4). Tapahtuman aluksi avataan Gallerian Viiden t\u00e4hden kes\u00e4n\u00e4yttely, joka koostuu kuvataiteilija Lissu Lundstr\u00f6min, &hellip; <a href=\"https:\/\/markkuu.fi\/wordpress\/?p=1656\" class=\"more-link\">Jatka lukemista <span class=\"screen-reader-text\">KES\u00c4N 2024 KULTTUURIKEKKERIT KULJETTAVAT MARKKUULTA BUENOS AIRESIIN<\/span> <span class=\"meta-nav\">&rarr;<\/span><\/a><\/p>\n","protected":false},"author":2,"featured_media":0,"comment_status":"closed","ping_status":"closed","sticky":false,"template":"","format":"standard","meta":{"footnotes":""},"categories":[3],"tags":[49,80,13,46],"class_list":["post-1656","post","type-post","status-publish","format-standard","hentry","category-uutiset","tag-kulttuuri","tag-kylatoiminta","tag-markkuu","tag-taidenayttely"],"_links":{"self":[{"href":"https:\/\/markkuu.fi\/wordpress\/index.php?rest_route=\/wp\/v2\/posts\/1656","targetHints":{"allow":["GET"]}}],"collection":[{"href":"https:\/\/markkuu.fi\/wordpress\/index.php?rest_route=\/wp\/v2\/posts"}],"about":[{"href":"https:\/\/markkuu.fi\/wordpress\/index.php?rest_route=\/wp\/v2\/types\/post"}],"author":[{"embeddable":true,"href":"https:\/\/markkuu.fi\/wordpress\/index.php?rest_route=\/wp\/v2\/users\/2"}],"replies":[{"embeddable":true,"href":"https:\/\/markkuu.fi\/wordpress\/index.php?rest_route=%2Fwp%2Fv2%2Fcomments&post=1656"}],"version-history":[{"count":5,"href":"https:\/\/markkuu.fi\/wordpress\/index.php?rest_route=\/wp\/v2\/posts\/1656\/revisions"}],"predecessor-version":[{"id":1664,"href":"https:\/\/markkuu.fi\/wordpress\/index.php?rest_route=\/wp\/v2\/posts\/1656\/revisions\/1664"}],"wp:attachment":[{"href":"https:\/\/markkuu.fi\/wordpress\/index.php?rest_route=%2Fwp%2Fv2%2Fmedia&parent=1656"}],"wp:term":[{"taxonomy":"category","embeddable":true,"href":"https:\/\/markkuu.fi\/wordpress\/index.php?rest_route=%2Fwp%2Fv2%2Fcategories&post=1656"},{"taxonomy":"post_tag","embeddable":true,"href":"https:\/\/markkuu.fi\/wordpress\/index.php?rest_route=%2Fwp%2Fv2%2Ftags&post=1656"}],"curies":[{"name":"wp","href":"https:\/\/api.w.org\/{rel}","templated":true}]}}