{"id":1666,"date":"2025-06-07T19:12:19","date_gmt":"2025-06-07T16:12:19","guid":{"rendered":"https:\/\/markkuu.fi\/wordpress\/?p=1666"},"modified":"2025-06-07T21:36:35","modified_gmt":"2025-06-07T18:36:35","slug":"tervetuloa-tunnelmallisille-kulttuurikekkereille","status":"publish","type":"post","link":"https:\/\/markkuu.fi\/wordpress\/?p=1666","title":{"rendered":"L\u00c4MPIM\u00c4STI TERVETULOA KES\u00c4N 2025 KULTTUURIKEKKEREILLE!"},"content":{"rendered":"<div class=\"wp-block-image\">\n<figure class=\"aligncenter size-full\"><a href=\"https:\/\/markkuu.fi\/wordpress\/wp-content\/uploads\/2025\/06\/Kulttuurikekkerit2025.png\"><img loading=\"lazy\" decoding=\"async\" width=\"652\" height=\"917\" src=\"https:\/\/markkuu.fi\/wordpress\/wp-content\/uploads\/2025\/06\/Kulttuurikekkerit2025.png\" alt=\"\" class=\"wp-image-1668\" srcset=\"https:\/\/markkuu.fi\/wordpress\/wp-content\/uploads\/2025\/06\/Kulttuurikekkerit2025.png 652w, https:\/\/markkuu.fi\/wordpress\/wp-content\/uploads\/2025\/06\/Kulttuurikekkerit2025-213x300.png 213w\" sizes=\"auto, (max-width: 652px) 100vw, 652px\" \/><\/a><\/figure>\n<\/div>\n\n\n<p>Taiteilija Jouko Korkala puolisoineen sek\u00e4 Markkuun Seudun Kyl\u00e4yhdistys ry kutsuvat kaikki kulttuurista kiinnostuneet tunnelmallisille Markkuun Kulttuurikekkereille lauantaina 14.6.2025 klo 17 alkaen.&nbsp;<\/p>\n\n\n\n<p>Tapahtuma avaa Gallerian upean kes\u00e4n\u00e4yttelyn &#8221;Luovat k\u00e4det&#8221;. N\u00e4yttely koostuu useiden taiteilijoiden pronssiveistoksista sek\u00e4 Jarkko Valtasen ja Jouko Korkalan taiteesta.<\/p>\n\n\n<div class=\"wp-block-image\">\n<figure class=\"aligncenter size-full\"><a href=\"https:\/\/markkuu.fi\/wordpress\/wp-content\/uploads\/2025\/06\/image0.jpeg\"><img loading=\"lazy\" decoding=\"async\" width=\"640\" height=\"584\" src=\"https:\/\/markkuu.fi\/wordpress\/wp-content\/uploads\/2025\/06\/image0.jpeg\" alt=\"\" class=\"wp-image-1681\" srcset=\"https:\/\/markkuu.fi\/wordpress\/wp-content\/uploads\/2025\/06\/image0.jpeg 640w, https:\/\/markkuu.fi\/wordpress\/wp-content\/uploads\/2025\/06\/image0-300x274.jpeg 300w\" sizes=\"auto, (max-width: 640px) 100vw, 640px\" \/><\/a><\/figure>\n<\/div>\n\n\n<p>Illan musiikki vie meid\u00e4t Ranskan ja Espanjan rikkaisiin musiikillisiin maisemiin. Ohjelmassa kuullaan lumoavaa, kulttuurisesti ja musiikillisesti v\u00e4rik\u00e4st\u00e4 klassista musiikkia.<\/p>\n\n\n\n<p>Ohjelmassa on muun muassa Georges Bizet\u2019n maailmankuulun Carmen-oopperan s\u00e4veli\u00e4, Claude Debussyn herkki\u00e4 ja impressionistisia lauluja sek\u00e4 espanjalaisia liedej\u00e4, joissa soi Andalusian aurinko ja syv\u00e4 tunne.<\/p>\n\n\n\n<p>Konsertin tunnelma vaihtelee hienovaraisesta runollisuudesta intohimoiseen draamaan \u2014 tarjoten kuulijoille el\u00e4myksen laulu- ja pianomusiikin parissa. Musiikkiel\u00e4myksen tarjoavat meille Heinituuli Holopainen (laulu) ja Tuukka Lukkaroinen (piano).&nbsp;<\/p>\n\n\n\n<p>Tapahtuma on maksuton ja kaikille avoin ja siihen voit osallistua my\u00f6s koko perheen voimin, sill\u00e4 lapsille on luvassa oma puuhapiste.&nbsp;<\/p>\n\n\n\n<p>Kyl\u00e4yhdistyksen kahviosta voit ostaa tunnetusti suussasulavia herkkuja (k\u00e4teis- ja korttimaksu). Bar Consulissa anniskeluoikeudet.<\/p>\n","protected":false},"excerpt":{"rendered":"<p>Taiteilija Jouko Korkala puolisoineen sek\u00e4 Markkuun Seudun Kyl\u00e4yhdistys ry kutsuvat kaikki kulttuurista kiinnostuneet tunnelmallisille Markkuun Kulttuurikekkereille lauantaina 14.6.2025 klo 17 alkaen.&nbsp; Tapahtuma avaa Gallerian upean kes\u00e4n\u00e4yttelyn &#8221;Luovat k\u00e4det&#8221;. N\u00e4yttely koostuu useiden taiteilijoiden pronssiveistoksista sek\u00e4 Jarkko Valtasen ja Jouko Korkalan taiteesta. Illan musiikki vie meid\u00e4t Ranskan ja Espanjan rikkaisiin musiikillisiin maisemiin. Ohjelmassa kuullaan lumoavaa, kulttuurisesti ja &hellip; <a href=\"https:\/\/markkuu.fi\/wordpress\/?p=1666\" class=\"more-link\">Jatka lukemista <span class=\"screen-reader-text\">L\u00c4MPIM\u00c4STI TERVETULOA KES\u00c4N 2025 KULTTUURIKEKKEREILLE!<\/span> <span class=\"meta-nav\">&rarr;<\/span><\/a><\/p>\n","protected":false},"author":2,"featured_media":0,"comment_status":"closed","ping_status":"closed","sticky":false,"template":"","format":"standard","meta":{"footnotes":""},"categories":[3],"tags":[49,80,13,46],"class_list":["post-1666","post","type-post","status-publish","format-standard","hentry","category-uutiset","tag-kulttuuri","tag-kylatoiminta","tag-markkuu","tag-taidenayttely"],"_links":{"self":[{"href":"https:\/\/markkuu.fi\/wordpress\/index.php?rest_route=\/wp\/v2\/posts\/1666","targetHints":{"allow":["GET"]}}],"collection":[{"href":"https:\/\/markkuu.fi\/wordpress\/index.php?rest_route=\/wp\/v2\/posts"}],"about":[{"href":"https:\/\/markkuu.fi\/wordpress\/index.php?rest_route=\/wp\/v2\/types\/post"}],"author":[{"embeddable":true,"href":"https:\/\/markkuu.fi\/wordpress\/index.php?rest_route=\/wp\/v2\/users\/2"}],"replies":[{"embeddable":true,"href":"https:\/\/markkuu.fi\/wordpress\/index.php?rest_route=%2Fwp%2Fv2%2Fcomments&post=1666"}],"version-history":[{"count":3,"href":"https:\/\/markkuu.fi\/wordpress\/index.php?rest_route=\/wp\/v2\/posts\/1666\/revisions"}],"predecessor-version":[{"id":1696,"href":"https:\/\/markkuu.fi\/wordpress\/index.php?rest_route=\/wp\/v2\/posts\/1666\/revisions\/1696"}],"wp:attachment":[{"href":"https:\/\/markkuu.fi\/wordpress\/index.php?rest_route=%2Fwp%2Fv2%2Fmedia&parent=1666"}],"wp:term":[{"taxonomy":"category","embeddable":true,"href":"https:\/\/markkuu.fi\/wordpress\/index.php?rest_route=%2Fwp%2Fv2%2Fcategories&post=1666"},{"taxonomy":"post_tag","embeddable":true,"href":"https:\/\/markkuu.fi\/wordpress\/index.php?rest_route=%2Fwp%2Fv2%2Ftags&post=1666"}],"curies":[{"name":"wp","href":"https:\/\/api.w.org\/{rel}","templated":true}]}}