{"id":1719,"date":"2025-12-01T23:48:29","date_gmt":"2025-12-01T21:48:29","guid":{"rendered":"https:\/\/markkuu.fi\/wordpress\/?p=1719"},"modified":"2025-12-01T23:48:29","modified_gmt":"2025-12-01T21:48:29","slug":"markkuu-mukana-oulu2026-kulttuuripaakaupunkivuodessa","status":"publish","type":"post","link":"https:\/\/markkuu.fi\/wordpress\/?p=1719","title":{"rendered":"MARKKUU MUKANA OULU2026 -KULTTUURIP\u00c4\u00c4KAUPUNKIVUODESSA"},"content":{"rendered":"\n<p>Osana Oulussa vuonna 2026 j\u00e4rjestett\u00e4v\u00e4\u00e4 Euroopan kulttuurip\u00e4\u00e4kaupunkivuotta toteutettava Markkuun Villikuut -tapahtumasarja tuo tuoreen tuulahduksen Oulun seudun kulttuuritarjontaan inspiroiden uudenlaista tekemist\u00e4 alueelle. Pohjoisen luonnon taianomaiset kuvat yhdistyv\u00e4t lumoavasti el\u00e4v\u00e4\u00e4n musiikkiin ja runoihin tuoden iloa tammi- ja marraskuun pimeisiin iltoihin. Elokuinen mets\u00e4retki tarjoaa lapsille moniaistillisen luontoel\u00e4myksen suomalaisen kansanperinteen ja musiikin siivitt\u00e4m\u00e4n\u00e4<\/p>\n\n\n\n<p>Ainutlaatuisen tapahtumasarjan toteuttaa Markkuun Seudun Kyl\u00e4yhdistys ry yhteisty\u00f6ss\u00e4 useiden kulttuurialan toimijoiden kanssa.  <\/p>\n\n\n\n<p>Tarkemmat tiedot tapahtumista: <a href=\"https:\/\/markkuu.fi\/wordpress\/?page_id=1706\" data-type=\"page\" data-id=\"1706\" target=\"_blank\" rel=\"noreferrer noopener\">Markkuun Villikuut<\/a><\/p>\n\n\n\n<div class=\"wp-block-media-text is-stacked-on-mobile\"><figure class=\"wp-block-media-text__media\"><img loading=\"lazy\" decoding=\"async\" width=\"998\" height=\"1024\" src=\"https:\/\/markkuu.fi\/wordpress\/wp-content\/uploads\/2025\/12\/Official_programme_hilla_1-2-998x1024.png\" alt=\"\" class=\"wp-image-1720 size-full\" srcset=\"https:\/\/markkuu.fi\/wordpress\/wp-content\/uploads\/2025\/12\/Official_programme_hilla_1-2-998x1024.png 998w, https:\/\/markkuu.fi\/wordpress\/wp-content\/uploads\/2025\/12\/Official_programme_hilla_1-2-292x300.png 292w, https:\/\/markkuu.fi\/wordpress\/wp-content\/uploads\/2025\/12\/Official_programme_hilla_1-2-768x788.png 768w, https:\/\/markkuu.fi\/wordpress\/wp-content\/uploads\/2025\/12\/Official_programme_hilla_1-2.png 1009w\" sizes=\"auto, (max-width: 998px) 100vw, 998px\" \/><\/figure><div class=\"wp-block-media-text__content\">\n<p>Oulu on Euroopan kulttuurip\u00e4\u00e4kaupunki vuonna 2026, yhdess\u00e4 39 pohjoisen kunnan kanssa. Tarjolla on maailmanluokan el\u00e4myksi\u00e4 l\u00e4helt\u00e4, kaukaa ja siit\u00e4 v\u00e4list\u00e4. Kulttuuria, taidetta ja monipuolisia tapahtumia koetaan kaupungeissa, kyliss\u00e4 ja luonnossa. Kyseess\u00e4 on usean vuoden matka, joka huipentuu vuoteen 2026.<\/p>\n<\/div><\/div>\n\n\n\n<p>Tapahtumien toteutukseen on my\u00f6nnetty Euroopan maaseuturahaston rahoitusta.<\/p>\n\n\n\n<figure class=\"wp-block-gallery has-nested-images columns-default is-cropped wp-block-gallery-1 is-layout-flex wp-block-gallery-is-layout-flex\">\n<figure class=\"wp-block-image size-large\"><a href=\"https:\/\/markkuu.fi\/wordpress\/wp-content\/uploads\/2025\/12\/eu_norsu-002-1.png\"><img loading=\"lazy\" decoding=\"async\" width=\"1024\" height=\"226\" data-id=\"1725\" src=\"https:\/\/markkuu.fi\/wordpress\/wp-content\/uploads\/2025\/12\/eu_norsu-002-1-1024x226.png\" alt=\"\" class=\"wp-image-1725\" srcset=\"https:\/\/markkuu.fi\/wordpress\/wp-content\/uploads\/2025\/12\/eu_norsu-002-1-1024x226.png 1024w, https:\/\/markkuu.fi\/wordpress\/wp-content\/uploads\/2025\/12\/eu_norsu-002-1-300x66.png 300w, https:\/\/markkuu.fi\/wordpress\/wp-content\/uploads\/2025\/12\/eu_norsu-002-1-768x170.png 768w, https:\/\/markkuu.fi\/wordpress\/wp-content\/uploads\/2025\/12\/eu_norsu-002-1.png 1128w\" sizes=\"auto, (max-width: 1024px) 100vw, 1024px\" \/><\/a><\/figure>\n<\/figure>\n","protected":false},"excerpt":{"rendered":"<p>Osana Oulussa vuonna 2026 j\u00e4rjestett\u00e4v\u00e4\u00e4 Euroopan kulttuurip\u00e4\u00e4kaupunkivuotta toteutettava Markkuun Villikuut -tapahtumasarja tuo tuoreen tuulahduksen Oulun seudun kulttuuritarjontaan inspiroiden uudenlaista tekemist\u00e4 alueelle. Pohjoisen luonnon taianomaiset kuvat yhdistyv\u00e4t lumoavasti el\u00e4v\u00e4\u00e4n musiikkiin ja runoihin tuoden iloa tammi- ja marraskuun pimeisiin iltoihin. Elokuinen mets\u00e4retki tarjoaa lapsille moniaistillisen luontoel\u00e4myksen suomalaisen kansanperinteen ja musiikin siivitt\u00e4m\u00e4n\u00e4 Ainutlaatuisen tapahtumasarjan toteuttaa Markkuun Seudun Kyl\u00e4yhdistys &hellip; <a href=\"https:\/\/markkuu.fi\/wordpress\/?p=1719\" class=\"more-link\">Jatka lukemista <span class=\"screen-reader-text\">MARKKUU MUKANA OULU2026 -KULTTUURIP\u00c4\u00c4KAUPUNKIVUODESSA<\/span> <span class=\"meta-nav\">&rarr;<\/span><\/a><\/p>\n","protected":false},"author":2,"featured_media":0,"comment_status":"closed","ping_status":"closed","sticky":false,"template":"","format":"standard","meta":{"footnotes":""},"categories":[3],"tags":[49,80,15,13,19],"class_list":["post-1719","post","type-post","status-publish","format-standard","hentry","category-uutiset","tag-kulttuuri","tag-kylatoiminta","tag-kylayhdistys","tag-markkuu","tag-tyrnava"],"_links":{"self":[{"href":"https:\/\/markkuu.fi\/wordpress\/index.php?rest_route=\/wp\/v2\/posts\/1719","targetHints":{"allow":["GET"]}}],"collection":[{"href":"https:\/\/markkuu.fi\/wordpress\/index.php?rest_route=\/wp\/v2\/posts"}],"about":[{"href":"https:\/\/markkuu.fi\/wordpress\/index.php?rest_route=\/wp\/v2\/types\/post"}],"author":[{"embeddable":true,"href":"https:\/\/markkuu.fi\/wordpress\/index.php?rest_route=\/wp\/v2\/users\/2"}],"replies":[{"embeddable":true,"href":"https:\/\/markkuu.fi\/wordpress\/index.php?rest_route=%2Fwp%2Fv2%2Fcomments&post=1719"}],"version-history":[{"count":5,"href":"https:\/\/markkuu.fi\/wordpress\/index.php?rest_route=\/wp\/v2\/posts\/1719\/revisions"}],"predecessor-version":[{"id":1726,"href":"https:\/\/markkuu.fi\/wordpress\/index.php?rest_route=\/wp\/v2\/posts\/1719\/revisions\/1726"}],"wp:attachment":[{"href":"https:\/\/markkuu.fi\/wordpress\/index.php?rest_route=%2Fwp%2Fv2%2Fmedia&parent=1719"}],"wp:term":[{"taxonomy":"category","embeddable":true,"href":"https:\/\/markkuu.fi\/wordpress\/index.php?rest_route=%2Fwp%2Fv2%2Fcategories&post=1719"},{"taxonomy":"post_tag","embeddable":true,"href":"https:\/\/markkuu.fi\/wordpress\/index.php?rest_route=%2Fwp%2Fv2%2Ftags&post=1719"}],"curies":[{"name":"wp","href":"https:\/\/api.w.org\/{rel}","templated":true}]}}