{"id":649,"date":"2016-06-04T21:14:47","date_gmt":"2016-06-04T18:14:47","guid":{"rendered":"http:\/\/markkuu.fi\/wordpress\/?p=649"},"modified":"2018-01-08T17:40:44","modified_gmt":"2018-01-08T15:40:44","slug":"markkuu-tutuksi-pyoraillen-11-6","status":"publish","type":"post","link":"https:\/\/markkuu.fi\/wordpress\/?p=649","title":{"rendered":"Markkuu tutuksi py\u00f6r\u00e4illen 11.6."},"content":{"rendered":"<p><a href=\"http:\/\/markkuu.fi\/wordpress\/wp-content\/uploads\/2016\/06\/sa_ka1.jpg\" rel=\"attachment wp-att-650\"><img loading=\"lazy\" decoding=\"async\" class=\"size-medium wp-image-650 alignleft\" src=\"http:\/\/markkuu.fi\/wordpress\/wp-content\/uploads\/2016\/06\/sa_ka1-180x300.jpg\" alt=\"sa_ka1\" width=\"180\" height=\"300\" srcset=\"https:\/\/markkuu.fi\/wordpress\/wp-content\/uploads\/2016\/06\/sa_ka1-180x300.jpg 180w, https:\/\/markkuu.fi\/wordpress\/wp-content\/uploads\/2016\/06\/sa_ka1-768x1280.jpg 768w, https:\/\/markkuu.fi\/wordpress\/wp-content\/uploads\/2016\/06\/sa_ka1-614x1024.jpg 614w, https:\/\/markkuu.fi\/wordpress\/wp-content\/uploads\/2016\/06\/sa_ka1.jpg 1536w\" sizes=\"auto, (max-width: 180px) 100vw, 180px\" \/><\/a><\/p>\n<p>Lauantaina 11.6.2016 klo 13-16 on oiva tilaisuus hyp\u00e4t\u00e4 koko perheell\u00e4 py\u00f6r\u00e4n selk\u00e4\u00e4n ja tutustua Markkuun Seutuun sek\u00e4 sen historiaan. Luvassa on leppoisa retki, jonka aikana kuulet tarinoita kyl\u00e4n vanhoista asuinpaikoista ja muusta kulttuurihistoriasta. Retki p\u00e4\u00e4tet\u00e4\u00e4n nokipannukahveilla ja mehulla.<\/p>\n<p>Tervetuloa!<\/p>\n<p>Retki on osa valtakunnallista <a href=\"http:\/\/avoimetkylat.fi\/\" target=\"_blank\">Avoimet kyl\u00e4t<\/a> -tapahtumap\u00e4iv\u00e4\u00e4.<\/p>\n","protected":false},"excerpt":{"rendered":"<p>Lauantaina 11.6.2016 klo 13-16 on oiva tilaisuus hyp\u00e4t\u00e4 koko perheell\u00e4 py\u00f6r\u00e4n selk\u00e4\u00e4n ja tutustua Markkuun Seutuun sek\u00e4 sen historiaan. Luvassa on leppoisa retki, jonka aikana kuulet tarinoita kyl\u00e4n vanhoista asuinpaikoista ja muusta kulttuurihistoriasta. Retki p\u00e4\u00e4tet\u00e4\u00e4n nokipannukahveilla ja mehulla. Tervetuloa! Retki on osa valtakunnallista Avoimet kyl\u00e4t -tapahtumap\u00e4iv\u00e4\u00e4.<\/p>\n","protected":false},"author":2,"featured_media":0,"comment_status":"closed","ping_status":"closed","sticky":false,"template":"","format":"standard","meta":{"footnotes":""},"categories":[4],"tags":[],"class_list":["post-649","post","type-post","status-publish","format-standard","hentry","category-arkisto"],"_links":{"self":[{"href":"https:\/\/markkuu.fi\/wordpress\/index.php?rest_route=\/wp\/v2\/posts\/649","targetHints":{"allow":["GET"]}}],"collection":[{"href":"https:\/\/markkuu.fi\/wordpress\/index.php?rest_route=\/wp\/v2\/posts"}],"about":[{"href":"https:\/\/markkuu.fi\/wordpress\/index.php?rest_route=\/wp\/v2\/types\/post"}],"author":[{"embeddable":true,"href":"https:\/\/markkuu.fi\/wordpress\/index.php?rest_route=\/wp\/v2\/users\/2"}],"replies":[{"embeddable":true,"href":"https:\/\/markkuu.fi\/wordpress\/index.php?rest_route=%2Fwp%2Fv2%2Fcomments&post=649"}],"version-history":[{"count":3,"href":"https:\/\/markkuu.fi\/wordpress\/index.php?rest_route=\/wp\/v2\/posts\/649\/revisions"}],"predecessor-version":[{"id":653,"href":"https:\/\/markkuu.fi\/wordpress\/index.php?rest_route=\/wp\/v2\/posts\/649\/revisions\/653"}],"wp:attachment":[{"href":"https:\/\/markkuu.fi\/wordpress\/index.php?rest_route=%2Fwp%2Fv2%2Fmedia&parent=649"}],"wp:term":[{"taxonomy":"category","embeddable":true,"href":"https:\/\/markkuu.fi\/wordpress\/index.php?rest_route=%2Fwp%2Fv2%2Fcategories&post=649"},{"taxonomy":"post_tag","embeddable":true,"href":"https:\/\/markkuu.fi\/wordpress\/index.php?rest_route=%2Fwp%2Fv2%2Ftags&post=649"}],"curies":[{"name":"wp","href":"https:\/\/api.w.org\/{rel}","templated":true}]}}