{"id":751,"date":"2017-02-16T10:35:08","date_gmt":"2017-02-16T08:35:08","guid":{"rendered":"http:\/\/markkuu.fi\/wordpress\/?p=751"},"modified":"2018-01-08T17:43:40","modified_gmt":"2018-01-08T15:43:40","slug":"talvitapahtuma-26-2-markkuulla-mukana-jaasta-rakentamista","status":"publish","type":"post","link":"https:\/\/markkuu.fi\/wordpress\/?p=751","title":{"rendered":"Talvitapahtuma 26.2. Markkuulla &#8211; mukana j\u00e4\u00e4st\u00e4 rakentamista!"},"content":{"rendered":"<p><strong>Tyrn\u00e4v\u00e4n ampumaradan uimapaikan ymp\u00e4rist\u00f6ss\u00e4\u00a0talvitapahtuma klo 12-15.<\/strong>\u00a0Tapahtumassa kahvio. Ohjelmassa\u00a0hoijakka, poniajelua, lumikenkien testausta, m\u00e4enlaskua (omat pulkat mukaan), makkaranpaistoa ja j\u00e4\u00e4ty\u00f6paja! <strong>Klo 13 k\u00e4ynnistyy potkukelkkaviesti &#8211; <\/strong>kasaa 4 hengen joukkue, ilmoittaudu paikan p\u00e4\u00e4ll\u00e4!<\/p>\n<p><em>Tapahtuman j\u00e4rjest\u00e4v\u00e4t yhteisty\u00f6ss\u00e4 Markkuun seudun kyl\u00e4yhdistys, Tyrn\u00e4v\u00e4n\u00a0MLL ja LC-Tyrn\u00e4v\u00e4. Mukana tapahtuman talkoov\u00e4ken\u00e4 on my\u00f6s OSAO:n matkailualan opiskelijoita sek\u00e4 Tyrn\u00e4v\u00e4n SPR:n ensiapuryhm\u00e4. Sponsoreina mm. Tyrn\u00e4v\u00e4n Osuuspankki sek\u00e4 Ravintola P\u00f6mil\u00e4.<\/em><\/p>\n<h3><span style=\"color: #0000ff;\"><strong>OSALLISTU J\u00c4\u00c4TY\u00d6PAJAAN TAPAHTUMASSA!<\/strong><\/span><\/h3>\n<p><strong>Tapahtumassa on t\u00e4n\u00e4 vuonna my\u00f6s ty\u00f6paja, jossa rakennetaan osallistujien j\u00e4\u00e4dytt\u00e4mist\u00e4 j\u00e4\u00e4kuutioista\u00a0joko\u00a0Tyrn\u00e4v\u00e4n suurin j\u00e4\u00e4lyhty tai\u00a0vaikka kokonainen j\u00e4\u00e4linna &#8211; lopputulos riippuu osallistujista!<\/strong><\/p>\n<p><strong>N\u00e4in osallistut\u00a0j\u00e4\u00e4taiteiluun<\/strong><strong>:<\/strong><\/p>\n<p><img loading=\"lazy\" decoding=\"async\" class=\"wp-image-776 size-medium aligncenter\" src=\"http:\/\/markkuu.fi\/wordpress\/wp-content\/uploads\/2017\/02\/P2190408-300x169.jpg\" width=\"300\" height=\"169\" \/><\/p>\n<ol>\n<li><strong><span style=\"color: #0000ff;\">T\u00c4YT\u00c4\u00a0\u00a0ESIM. MAITOPURKKI\u00a0<\/span><\/strong><span style=\"color: #0000ff;\"><span style=\"color: #000000;\">(my\u00f6s muu suorakaiteen muotoinen rasia k\u00e4y)<\/span><\/span><strong><span style=\"color: #0000ff;\"> PUHTAALLA TAI VESIV\u00c4REILL\u00c4 V\u00c4RJ\u00c4TYLL\u00c4 VEDELL\u00c4.<\/span><\/strong><\/li>\n<li><strong><span style=\"color: #0000ff;\">LAITA PAKASTIMEEN TAI J\u00c4\u00c4DYT\u00c4 ULKONA.<\/span><\/strong><\/li>\n<li><strong><span style=\"color: #0000ff;\">IRROTA PALIKKA PURKISTA\/LAATIKOSTA KOTONA\u00a0<\/span><\/strong><span style=\"color: #000000;\">(k\u00e4yt\u00e4 kuumassa vedess\u00e4 tai\u00a0pid\u00e4 huoneenl\u00e4mm\u00f6ss\u00e4, kunnes j\u00e4\u00e4 irtoaa). <\/span><\/li>\n<li><strong><span style=\"color: #0000ff;\">TUO J\u00c4\u00c4PALIKAT MUKANASI TAPAHTUMAAN JA OSALLISTU RAKENTAMISEEN!<\/span><\/strong><\/li>\n<\/ol>\n<p>Palikoiden pinta on hieman kupera,\u00a0mutta k\u00e4yt\u00e4mme\u00a0tarvittaessa lunta\/vett\u00e4 sidosaineena, jotta palikat saadaan pysym\u00e4\u00e4n\u00a0kiinni toisissaan.\u00a0 Mukaan voi ottaa omiakin &#8221;rakennusv\u00e4lineit\u00e4&#8221; eli\u00a0lasten muovilapion tai vastaavan, jolla\u00a0voi tasoittaa sidosainetta palikoiden v\u00e4liin.<\/p>\n<h3><span style=\"color: #0000ff;\"><strong>MIKSI J\u00c4\u00c4TY\u00d6PAJA?<\/strong><\/span><\/h3>\n<p><strong>J\u00e4\u00e4ty\u00f6paja on muuten yksi Markkuun seudun kyl\u00e4yhdistyksen toteuttamasta &#8221;100 ymp\u00e4rist\u00f6taideteosta Markkuulta&#8221; -hankkeen tapahtumista! Hanketta rahoittaa Nouseva Rannikkoseutu ry. <\/strong><\/p>\n<p>Nyt rakennamme j\u00e4\u00e4st\u00e4 huvin vuoksi, mutta ennen\u00a01960 -lukua ja j\u00e4\u00e4kaappien yleistymist\u00e4\u00a0\u00a0j\u00e4\u00e4 on\u00a0ollut t\u00e4rke\u00e4 materiaali arkiel\u00e4m\u00e4n sujumisen kannalta. J\u00e4\u00e4t\u00e4 on tarvittu l\u00e4mpim\u00e4\u00e4n aikaan\u00a0ruuan s\u00e4ilytt\u00e4misess\u00e4.\u00a0J\u00e4it\u00e4 sahattiin l\u00e4mpim\u00e4n ajan varalle talvella, helmikuussa j\u00e4\u00e4 oli laadultaan parasta &#8221;rautaj\u00e4\u00e4t\u00e4&#8221;. \u00a0Sahattujen j\u00e4iden piti olla mahdollisimman s\u00e4\u00e4nn\u00f6llisen mallisia lohkareita, jotta ne\u00a0voitiin latoa\u00a0riitt\u00e4v\u00e4n tiiviisti sulamisen est\u00e4miseksi. J\u00e4\u00e4t s\u00e4il\u00f6ttiin valolta suojaan ja peitettiin sahanpurulla.\u00a0 <strong>Oletko sin\u00e4 ollut mukana tai kuullut tarinoita j\u00e4iden nostamisesta?<\/strong> Kerro tarinasi &#8211; kyl\u00e4yhdistyksess\u00e4 ollaan kuulolla!<\/p>\n","protected":false},"excerpt":{"rendered":"<p>Tyrn\u00e4v\u00e4n ampumaradan uimapaikan ymp\u00e4rist\u00f6ss\u00e4\u00a0talvitapahtuma klo 12-15.\u00a0Tapahtumassa kahvio. Ohjelmassa\u00a0hoijakka, poniajelua, lumikenkien testausta, m\u00e4enlaskua (omat pulkat mukaan), makkaranpaistoa ja j\u00e4\u00e4ty\u00f6paja! Klo 13 k\u00e4ynnistyy potkukelkkaviesti &#8211; kasaa 4 hengen joukkue, ilmoittaudu paikan p\u00e4\u00e4ll\u00e4! Tapahtuman j\u00e4rjest\u00e4v\u00e4t yhteisty\u00f6ss\u00e4 Markkuun seudun kyl\u00e4yhdistys, Tyrn\u00e4v\u00e4n\u00a0MLL ja LC-Tyrn\u00e4v\u00e4. Mukana tapahtuman talkoov\u00e4ken\u00e4 on my\u00f6s OSAO:n matkailualan opiskelijoita sek\u00e4 Tyrn\u00e4v\u00e4n SPR:n ensiapuryhm\u00e4. Sponsoreina mm. Tyrn\u00e4v\u00e4n Osuuspankki &hellip; <a href=\"https:\/\/markkuu.fi\/wordpress\/?p=751\" class=\"more-link\">Jatka lukemista <span class=\"screen-reader-text\">Talvitapahtuma 26.2. Markkuulla &#8211; mukana j\u00e4\u00e4st\u00e4 rakentamista!<\/span> <span class=\"meta-nav\">&rarr;<\/span><\/a><\/p>\n","protected":false},"author":3,"featured_media":0,"comment_status":"closed","ping_status":"closed","sticky":false,"template":"","format":"standard","meta":{"footnotes":""},"categories":[4],"tags":[],"class_list":["post-751","post","type-post","status-publish","format-standard","hentry","category-arkisto"],"_links":{"self":[{"href":"https:\/\/markkuu.fi\/wordpress\/index.php?rest_route=\/wp\/v2\/posts\/751","targetHints":{"allow":["GET"]}}],"collection":[{"href":"https:\/\/markkuu.fi\/wordpress\/index.php?rest_route=\/wp\/v2\/posts"}],"about":[{"href":"https:\/\/markkuu.fi\/wordpress\/index.php?rest_route=\/wp\/v2\/types\/post"}],"author":[{"embeddable":true,"href":"https:\/\/markkuu.fi\/wordpress\/index.php?rest_route=\/wp\/v2\/users\/3"}],"replies":[{"embeddable":true,"href":"https:\/\/markkuu.fi\/wordpress\/index.php?rest_route=%2Fwp%2Fv2%2Fcomments&post=751"}],"version-history":[{"count":17,"href":"https:\/\/markkuu.fi\/wordpress\/index.php?rest_route=\/wp\/v2\/posts\/751\/revisions"}],"predecessor-version":[{"id":778,"href":"https:\/\/markkuu.fi\/wordpress\/index.php?rest_route=\/wp\/v2\/posts\/751\/revisions\/778"}],"wp:attachment":[{"href":"https:\/\/markkuu.fi\/wordpress\/index.php?rest_route=%2Fwp%2Fv2%2Fmedia&parent=751"}],"wp:term":[{"taxonomy":"category","embeddable":true,"href":"https:\/\/markkuu.fi\/wordpress\/index.php?rest_route=%2Fwp%2Fv2%2Fcategories&post=751"},{"taxonomy":"post_tag","embeddable":true,"href":"https:\/\/markkuu.fi\/wordpress\/index.php?rest_route=%2Fwp%2Fv2%2Ftags&post=751"}],"curies":[{"name":"wp","href":"https:\/\/api.w.org\/{rel}","templated":true}]}}